{"id":1174,"global_id":"therapie-und-reiten.de?id=1174","global_id_lineage":["therapie-und-reiten.de?id=1174"],"author":"1","status":"publish","date":"2020-02-09 16:27:50","date_utc":"2020-02-09 15:27:50","modified":"2020-02-09 16:57:01","modified_utc":"2020-02-09 15:57:01","url":"http:\/\/therapie-und-reiten.de\/?tribe_events=achtsamkeits-erlebnistag-mit-pferden-2-2","rest_url":"http:\/\/therapie-und-reiten.de\/index.php?rest_route=\/tribe\/events\/v1\/events\/1174","title":"Achtsamkeits-Erlebnistag mit Pferden","description":"<p>[et_pb_section fb_built=&#8220;1&#8243; _builder_version=&#8220;3.22&#8243; fb_built=&#8220;1&#8243; _i=&#8220;0&#8243; _address=&#8220;0&#8243;][et_pb_row _builder_version=&#8220;3.25&#8243; background_size=&#8220;initial&#8220; background_position=&#8220;top_left&#8220; background_repeat=&#8220;repeat&#8220; _i=&#8220;0&#8243; _address=&#8220;0.0&#8243;][et_pb_column type=&#8220;4_4&#8243; _builder_version=&#8220;3.25&#8243; custom_padding=&#8220;|||&#8220; _i=&#8220;0&#8243; _address=&#8220;0.0.0&#8243; custom_padding__hover=&#8220;|||&#8220;][et_pb_text _builder_version=&#8220;3.27.4&#8243; background_size=&#8220;initial&#8220; background_position=&#8220;top_left&#8220; background_repeat=&#8220;repeat&#8220; hover_enabled=&#8220;0&#8243; _i=&#8220;0&#8243; _address=&#8220;0.0.0.0&#8243;]<\/p>\n<p><strong>G\u00f6nnen Sie sich eine Auszeit!\u00a0<\/strong><\/p>\n<p>Erleben und sp\u00fcren Sie w\u00e4hrend eines eint\u00e4tigen Achtsamkeits-Erlebnistages mit Pferden erstaunliche und spannende Momente. Pferde sind hervorragende Partner in der Schule des Lebens. Unser Partner Pferd kann als Kraftgeber und Entwicklung der eigenen Ressourcen einen wertvollen Beitrag in unserem Alltag leisten. Der Umgang mit dem Pferd bedeutet Lebensfreude und Lebensqualit\u00e4t.<\/p>\n<p>Pferde k\u00f6nnen wertvolle Partner zu verschiedenen Themen sein z.B.:<\/p>\n<p style=\"padding-left: 30px;\">Achtsamkeit<\/p>\n<p style=\"padding-left: 30px;\">Authentizit\u00e4t<\/p>\n<p style=\"padding-left: 30px;\">Talente erkennen &#8211; Potentiale st\u00e4rken<\/p>\n<p style=\"padding-left: 30px;\">Selbstbewusstsein &#8211; Selbstvertrauen<\/p>\n<p style=\"padding-left: 30px;\">Grenzen setzen<\/p>\n<p>um nur einige M\u00f6glichkeiten zu erw\u00e4hnen. Nehmen Sie sich eine Auszeit vom Alltag und genie\u00dfen Sie\u00a0<strong>RAUM F\u00dcR SICH!<\/strong><\/p>\n<p>Keine Reitkenntnisse erforderlich<\/p>\n<p>Bitte wetterentsprechende Kleidung, festes Schuhwerk und Handschuhe mitbringen.<\/p>\n<p>Begrenzte Teilnehmerzahl \u2014 Anmeldung bis <strong>18. April 2020 <\/strong>erbeten<\/p>\n<p>[\/et_pb_text][et_pb_button button_url=&#8220;@ET-DC@eyJkeW5hbWljIjp0cnVlLCJjb250ZW50IjoicG9zdF9saW5rX3VybF9wYWdlIiwic2V0dGluZ3MiOnsicG9zdF9pZCI6IjMwOCJ9fQ==@&#8220; button_text=&#8220;Anmelden&#8220; button_alignment=&#8220;center&#8220; _builder_version=&#8220;3.27.4&#8243; _dynamic_attributes=&#8220;button_url&#8220; custom_button=&#8220;on&#8220; button_bg_color=&#8220;#1f5472&#8243; button_bg_enable_color=&#8220;on&#8220; _i=&#8220;1&#8243; _address=&#8220;0.0.0.1&#8243;][\/et_pb_button][\/et_pb_column][\/et_pb_row][\/et_pb_section]<\/p>","excerpt":"","slug":"achtsamkeits-erlebnistag-mit-pferden-2-2","image":{"url":"http:\/\/therapie-und-reiten.de\/wp-content\/uploads\/2020\/02\/Achtsamkeits-Erlebnistag.jpg","id":1168,"extension":"jpg","width":2084,"height":1250,"sizes":{"thumbnail":{"width":150,"height":150,"mime-type":"image\/jpeg","url":"http:\/\/therapie-und-reiten.de\/wp-content\/uploads\/2020\/02\/Achtsamkeits-Erlebnistag-150x150.jpg"},"medium":{"width":300,"height":180,"mime-type":"image\/jpeg","url":"http:\/\/therapie-und-reiten.de\/wp-content\/uploads\/2020\/02\/Achtsamkeits-Erlebnistag-300x180.jpg"},"medium_large":{"width":768,"height":461,"mime-type":"image\/jpeg","url":"http:\/\/therapie-und-reiten.de\/wp-content\/uploads\/2020\/02\/Achtsamkeits-Erlebnistag-768x461.jpg"},"large":{"width":1024,"height":614,"mime-type":"image\/jpeg","url":"http:\/\/therapie-und-reiten.de\/wp-content\/uploads\/2020\/02\/Achtsamkeits-Erlebnistag-1024x614.jpg"},"et-pb-post-main-image":{"width":400,"height":250,"mime-type":"image\/jpeg","url":"http:\/\/therapie-und-reiten.de\/wp-content\/uploads\/2020\/02\/Achtsamkeits-Erlebnistag-400x250.jpg"},"et-pb-post-main-image-fullwidth":{"width":1080,"height":675,"mime-type":"image\/jpeg","url":"http:\/\/therapie-und-reiten.de\/wp-content\/uploads\/2020\/02\/Achtsamkeits-Erlebnistag-1080x675.jpg"},"et-pb-portfolio-image":{"width":400,"height":284,"mime-type":"image\/jpeg","url":"http:\/\/therapie-und-reiten.de\/wp-content\/uploads\/2020\/02\/Achtsamkeits-Erlebnistag-400x284.jpg"},"et-pb-portfolio-module-image":{"width":510,"height":382,"mime-type":"image\/jpeg","url":"http:\/\/therapie-und-reiten.de\/wp-content\/uploads\/2020\/02\/Achtsamkeits-Erlebnistag-510x382.jpg"},"et-pb-portfolio-image-single":{"width":1080,"height":648,"mime-type":"image\/jpeg","url":"http:\/\/therapie-und-reiten.de\/wp-content\/uploads\/2020\/02\/Achtsamkeits-Erlebnistag-1080x648.jpg"},"et-pb-gallery-module-image-portrait":{"width":400,"height":516,"mime-type":"image\/jpeg","url":"http:\/\/therapie-und-reiten.de\/wp-content\/uploads\/2020\/02\/Achtsamkeits-Erlebnistag-400x516.jpg"},"et-pb-image--responsive--desktop":{"width":1280,"height":768,"mime-type":"image\/jpeg","url":"http:\/\/therapie-und-reiten.de\/wp-content\/uploads\/2020\/02\/Achtsamkeits-Erlebnistag-1280x768.jpg"},"et-pb-image--responsive--tablet":{"width":980,"height":588,"mime-type":"image\/jpeg","url":"http:\/\/therapie-und-reiten.de\/wp-content\/uploads\/2020\/02\/Achtsamkeits-Erlebnistag-980x588.jpg"},"et-pb-image--responsive--phone":{"width":480,"height":288,"mime-type":"image\/jpeg","url":"http:\/\/therapie-und-reiten.de\/wp-content\/uploads\/2020\/02\/Achtsamkeits-Erlebnistag-480x288.jpg"}}},"all_day":false,"start_date":"2020-04-25 09:00:00","start_date_details":{"year":"2020","month":"04","day":"25","hour":"09","minutes":"00","seconds":"00"},"end_date":"2020-04-25 17:00:00","end_date_details":{"year":"2020","month":"04","day":"25","hour":"17","minutes":"00","seconds":"00"},"utc_start_date":"2020-04-25 07:00:00","utc_start_date_details":{"year":"2020","month":"04","day":"25","hour":"07","minutes":"00","seconds":"00"},"utc_end_date":"2020-04-25 15:00:00","utc_end_date_details":{"year":"2020","month":"04","day":"25","hour":"15","minutes":"00","seconds":"00"},"timezone":"Europe\/Berlin","timezone_abbr":"CEST","cost":"160,00\u20ac","cost_details":{"currency_symbol":"\u20ac","currency_code":"","currency_position":"suffix","values":["160.00"]},"website":"","show_map":true,"show_map_link":true,"hide_from_listings":false,"sticky":false,"featured":false,"categories":[],"tags":[{"name":"Achtsamkeit","slug":"achtsamkeit","term_group":0,"term_taxonomy_id":22,"taxonomy":"post_tag","description":"","parent":0,"count":18,"filter":"raw","id":22,"urls":{"self":"http:\/\/therapie-und-reiten.de\/index.php?rest_route=\/tribe\/events\/v1\/tags\/22","collection":"http:\/\/therapie-und-reiten.de\/index.php?rest_route=\/tribe\/events\/v1\/tags"}},{"name":"Erlebnistag","slug":"erlebnistag","term_group":0,"term_taxonomy_id":23,"taxonomy":"post_tag","description":"","parent":0,"count":7,"filter":"raw","id":23,"urls":{"self":"http:\/\/therapie-und-reiten.de\/index.php?rest_route=\/tribe\/events\/v1\/tags\/23","collection":"http:\/\/therapie-und-reiten.de\/index.php?rest_route=\/tribe\/events\/v1\/tags"}},{"name":"Pferd","slug":"pferd","term_group":0,"term_taxonomy_id":17,"taxonomy":"post_tag","description":"","parent":0,"count":24,"filter":"raw","id":17,"urls":{"self":"http:\/\/therapie-und-reiten.de\/index.php?rest_route=\/tribe\/events\/v1\/tags\/17","collection":"http:\/\/therapie-und-reiten.de\/index.php?rest_route=\/tribe\/events\/v1\/tags"}},{"name":"Pferdehof","slug":"pferdehof","term_group":0,"term_taxonomy_id":19,"taxonomy":"post_tag","description":"","parent":0,"count":9,"filter":"raw","id":19,"urls":{"self":"http:\/\/therapie-und-reiten.de\/index.php?rest_route=\/tribe\/events\/v1\/tags\/19","collection":"http:\/\/therapie-und-reiten.de\/index.php?rest_route=\/tribe\/events\/v1\/tags"}},{"name":"Reiten","slug":"reiten","term_group":0,"term_taxonomy_id":18,"taxonomy":"post_tag","description":"","parent":0,"count":21,"filter":"raw","id":18,"urls":{"self":"http:\/\/therapie-und-reiten.de\/index.php?rest_route=\/tribe\/events\/v1\/tags\/18","collection":"http:\/\/therapie-und-reiten.de\/index.php?rest_route=\/tribe\/events\/v1\/tags"}},{"name":"Seminar","slug":"seminar","term_group":0,"term_taxonomy_id":21,"taxonomy":"post_tag","description":"","parent":0,"count":8,"filter":"raw","id":21,"urls":{"self":"http:\/\/therapie-und-reiten.de\/index.php?rest_route=\/tribe\/events\/v1\/tags\/21","collection":"http:\/\/therapie-und-reiten.de\/index.php?rest_route=\/tribe\/events\/v1\/tags"}},{"name":"Termine","slug":"termine","term_group":0,"term_taxonomy_id":20,"taxonomy":"post_tag","description":"","parent":0,"count":9,"filter":"raw","id":20,"urls":{"self":"http:\/\/therapie-und-reiten.de\/index.php?rest_route=\/tribe\/events\/v1\/tags\/20","collection":"http:\/\/therapie-und-reiten.de\/index.php?rest_route=\/tribe\/events\/v1\/tags"}}],"venue":{"id":1130,"author":"1","status":"publish","date":"2020-02-09 14:43:05","date_utc":"2020-02-09 13:43:05","modified":"2020-02-09 16:19:25","modified_utc":"2020-02-09 15:19:25","url":"http:\/\/therapie-und-reiten.de\/?tribe_venue=sitzschulung-dein-sitz-im-fokus","venue":"Angiehof \u2014 Reit- und Therapiezentrum Gienger","description":"<p>[et_pb_section fb_built=&#8220;1&#8243; admin_label=&#8220;BANNER&#8220; _builder_version=&#8220;3.27.4&#8243; background_color=&#8220;rgba(0,72,114,0.68)&#8220; background_image=&#8220;http:\/\/therapie-und-reiten.de\/wp-content\/uploads\/2020\/02\/200202_Banner_1920x150_kleiner_40prozent-GOLD.jpg&#8220; parallax=&#8220;on&#8220; custom_padding=&#8220;0px||9px|||&#8220; collapsed=&#8220;on&#8220; fb_built=&#8220;1&#8243; _i=&#8220;0&#8243; _address=&#8220;0&#8243;][et_pb_row _builder_version=&#8220;3.27.4&#8243; min_height=&#8220;109px&#8220; custom_padding=&#8220;31px||20px|||&#8220; _i=&#8220;0&#8243; _address=&#8220;0.0&#8243;][et_pb_column type=&#8220;4_4&#8243; _builder_version=&#8220;3.27.4&#8243; _i=&#8220;0&#8243; _address=&#8220;0.0.0&#8243;][et_pb_text _builder_version=&#8220;3.27.4&#8243; text_font=&#8220;|700||on|||||&#8220; text_text_color=&#8220;#2d2d2c&#8220; text_font_size=&#8220;30px&#8220; text_line_height=&#8220;1.75em&#8220; header_font=&#8220;||||||||&#8220; background_color=&#8220;#1f5472&#8243; border_width_all=&#8220;1px&#8220; border_color_all=&#8220;#fcbf2c&#8220; _i=&#8220;0&#8243; _address=&#8220;0.0.0.0&#8243;]<\/p>\n<p style=\"text-align: center;\"><span style=\"color: #fcbf2c;\">Herzlich Willkommen auf dem Angiehof<\/span><\/p>\n<p>[\/et_pb_text][\/et_pb_column][\/et_pb_row][\/et_pb_section][et_pb_section fb_built=&#8220;1&#8243; _builder_version=&#8220;3.27.4&#8243; background_color=&#8220;rgba(0,0,0,0)&#8220; box_shadow_style=&#8220;preset1&#8243; custom_padding=&#8220;0|0px|0px|0px&#8220; fb_built=&#8220;1&#8243; _i=&#8220;1&#8243; _address=&#8220;1&#8243;][et_pb_row column_structure=&#8220;1_2,1_2&#8243; use_custom_gutter=&#8220;on&#8220; gutter_width=&#8220;1&#8243; make_equal=&#8220;on&#8220; module_class=&#8220; et_pb_row_fullwidth&#8220; _builder_version=&#8220;3.25&#8243; width=&#8220;100%&#8220; width_tablet=&#8220;100%&#8220; width_last_edited=&#8220;on|desktop&#8220; max_width=&#8220;100%&#8220; max_width_tablet=&#8220;100%&#8220; max_width_last_edited=&#8220;on|desktop&#8220; custom_padding=&#8220;0|0px|0px|0px&#8220; make_fullwidth=&#8220;on&#8220; _i=&#8220;0&#8243; _address=&#8220;1.0&#8243;][et_pb_column type=&#8220;1_2&#8243; _builder_version=&#8220;3.25&#8243; custom_padding=&#8220;|||&#8220; custom_css_main_element=&#8220;padding: 50px;&#8220; custom_css_main=&#8220;padding: 50px;&#8220; _i=&#8220;0&#8243; _address=&#8220;1.0.0&#8243; custom_padding__hover=&#8220;|||&#8220;][et_pb_text _builder_version=&#8220;3.27.4&#8243; custom_padding=&#8220;||4px|||&#8220; _i=&#8220;0&#8243; _address=&#8220;1.0.0.0&#8243;]<\/p>\n<blockquote><\/blockquote>\n<p class=\"aLF-aPX-K0-aPE\"><span style=\"font-size: medium;\">Auf dem Angiehof vereinen sich seit 14 Jahren Leidenschaft, Freundschaft und eine gro\u00dfe Portion Liebe zum Detail. Auf dem Hofgel\u00e4nde und dem zugeh\u00f6rigen Weideland finden sich Mensch und Tier in Einklang zusammen. Der Hof wird von der Familie Gienger bewirtschaftet \u2014 das sind Beatrix, Thom und Dominik. Mit zur Familie geh\u00f6ren au\u00dfer den menschlichen Mitgliedern noch Katzen, H\u00fchner, H\u00e4hne, Hunde, Pferde und Ponys. Und nat\u00fcrlich unsere fabul\u00f6se Stallgemeinschaft, die das famili\u00e4re Umfeld komplett macht.\u00a0<\/span><\/p>\n<p class=\"aLF-aPX-K0-aPE\"><span style=\"font-size: medium;\">Geleitet wird der Angiehof von Beatrix Gienger. Mit ihrem umfassenden Fachwissen und ihren vielf\u00e4ltigen Qualifikationen geht sie auf die individuellen Anliegen ihrer menschlichen und pferdischen Kundschaft mit Einf\u00fchlungsverm\u00f6gen und Kompetenz ein.<\/span><\/p>\n<p class=\"aLF-aPX-K0-aPE\">\n<p>[\/et_pb_text][et_pb_button button_text=&#8220;Beatrix Gienger&#8220; button_alignment=&#8220;center&#8220; disabled_on=&#8220;on|on|on&#8220; _builder_version=&#8220;3.27.4&#8243; custom_button=&#8220;on&#8220; button_bg_color=&#8220;#1f5472&#8243; disabled=&#8220;on&#8220; button_bg_enable_color=&#8220;on&#8220; _i=&#8220;1&#8243; _address=&#8220;1.0.0.1&#8243;][\/et_pb_button][\/et_pb_column][et_pb_column type=&#8220;1_2&#8243; _builder_version=&#8220;3.25&#8243; custom_padding=&#8220;|||&#8220; _i=&#8220;1&#8243; _address=&#8220;1.0.1&#8243; custom_padding__hover=&#8220;|||&#8220;][et_pb_video src=&#8220;https:\/\/youtu.be\/6c3uY84P4DU&#8220; image_src=&#8220;\/\/i.ytimg.com\/vi\/6c3uY84P4DU\/hqdefault.jpg&#8220; play_icon_color=&#8220;#fcbf2c&#8220; thumbnail_overlay_color=&#8220;rgba(0,0,0,0.6)&#8220; _builder_version=&#8220;3.27.4&#8243; _i=&#8220;0&#8243; _address=&#8220;1.0.1.0&#8243;][\/et_pb_video][\/et_pb_column][\/et_pb_row][\/et_pb_section][et_pb_section fb_built=&#8220;1&#8243; admin_label=&#8220;ZITAT&#8220; _builder_version=&#8220;3.27.4&#8243; background_color=&#8220;#ffffff&#8220; custom_padding=&#8220;0|0px|0px|0px&#8220; collapsed=&#8220;on&#8220; fb_built=&#8220;1&#8243; _i=&#8220;2&#8243; _address=&#8220;2&#8243;][et_pb_row use_custom_gutter=&#8220;on&#8220; gutter_width=&#8220;1&#8243; make_equal=&#8220;on&#8220; module_class=&#8220; et_pb_row_fullwidth&#8220; _builder_version=&#8220;3.27.4&#8243; width=&#8220;100%&#8220; width_tablet=&#8220;100%&#8220; width_last_edited=&#8220;on|phone&#8220; max_width=&#8220;100%&#8220; max_width_tablet=&#8220;100%&#8220; max_width_last_edited=&#8220;on|desktop&#8220; custom_padding=&#8220;0|0px|1px|0px||&#8220; make_fullwidth=&#8220;on&#8220; _i=&#8220;0&#8243; _address=&#8220;2.0&#8243;][et_pb_column type=&#8220;4_4&#8243; _builder_version=&#8220;3.25&#8243; custom_padding=&#8220;|||&#8220; custom_css_main_element=&#8220;padding: 50px;&#8220; custom_css_main=&#8220;padding: 50px;&#8220; _i=&#8220;0&#8243; _address=&#8220;2.0.0&#8243; custom_padding__hover=&#8220;|||&#8220;][et_pb_testimonial author=&#8220;Nuno Oliveira&#8220; quote_icon_color=&#8220;#fcbf2c&#8220; quote_icon_background_color=&#8220;#1f5472&#8243; _builder_version=&#8220;3.27.4&#8243; body_font=&#8220;|700|||||||&#8220; body_text_color=&#8220;#1f5472&#8243; body_font_size=&#8220;16px&#8220; author_font=&#8220;|700||||on|||&#8220; author_font_size=&#8220;17px&#8220; background_color=&#8220;rgba(252,191,44,0.71)&#8220; text_orientation=&#8220;center&#8220; custom_padding=&#8220;||23px|||&#8220; text_shadow_style=&#8220;preset1&#8243; text_shadow_color=&#8220;rgba(0,0,0,0)&#8220; _i=&#8220;0&#8243; _address=&#8220;2.0.0.0&#8243;]<\/p>\n<p>Reiten ist Sch\u00f6nheit, Geradlinigkeit und Wahrheit.<\/p>\n<p>[\/et_pb_testimonial][\/et_pb_column][\/et_pb_row][\/et_pb_section][et_pb_section fb_built=&#8220;1&#8243; admin_label=&#8220;SCH\u00d6N, DASS SIE DA SIND&#8220; _builder_version=&#8220;3.27.4&#8243; background_color=&#8220;rgba(0,72,114,0.68)&#8220; background_image=&#8220;http:\/\/therapie-und-reiten.de\/wp-content\/uploads\/2020\/02\/Honey-Attilla-Koppel-Schnee.jpg&#8220; parallax=&#8220;on&#8220; box_shadow_style=&#8220;preset1&#8243; custom_margin=&#8220;||0px|||&#8220; collapsed=&#8220;on&#8220; fb_built=&#8220;1&#8243; _i=&#8220;3&#8243; _address=&#8220;3&#8243;][et_pb_row _builder_version=&#8220;3.27.4&#8243; _i=&#8220;0&#8243; _address=&#8220;3.0&#8243;][et_pb_column type=&#8220;4_4&#8243; _builder_version=&#8220;3.27.4&#8243; _i=&#8220;0&#8243; _address=&#8220;3.0.0&#8243;][et_pb_text _builder_version=&#8220;3.27.4&#8243; text_font=&#8220;|700|||||||&#8220; text_text_color=&#8220;#1f5472&#8243; text_font_size=&#8220;26px&#8220; text_line_height=&#8220;1.9em&#8220; background_color=&#8220;rgba(0,0,0,0)&#8220; custom_padding=&#8220;||0px|||&#8220; _i=&#8220;0&#8243; _address=&#8220;3.0.0.0&#8243;]<\/p>\n<p style=\"text-align: center;\"><span style=\"font-size: 26px; color: #fcbf2c;\">SCH\u00d6N, DASS SIE DA SIND!<\/span><\/p>\n<p style=\"text-align: center;\"><span style=\"font-size: 26px; color: #fcbf2c;\">Hier erfahren Sie mehr \u00fcber uns, unseren Hof und unsere Angebote<\/span><\/p>\n<p style=\"text-align: center;\">\n<p>[\/et_pb_text][\/et_pb_column][\/et_pb_row][et_pb_row column_structure=&#8220;1_3,1_3,1_3&#8243; _builder_version=&#8220;3.27.4&#8243; _i=&#8220;1&#8243; _address=&#8220;3.1&#8243;][et_pb_column type=&#8220;1_3&#8243; _builder_version=&#8220;3.27.4&#8243; _i=&#8220;0&#8243; _address=&#8220;3.1.0&#8243;][et_pb_button button_url=&#8220;@ET-DC@eyJkeW5hbWljIjp0cnVlLCJjb250ZW50IjoicG9zdF9saW5rX3VybF9wYWdlIiwic2V0dGluZ3MiOnsicG9zdF9pZCI6IjM2MiJ9fQ==@&#8220; button_text=&#8220;F\u00fcr Sie&#8220; button_alignment=&#8220;center&#8220; _builder_version=&#8220;3.27.4&#8243; _dynamic_attributes=&#8220;button_url&#8220; custom_button=&#8220;on&#8220; button_text_color=&#8220;#fcbf2c&#8220; button_bg_color=&#8220;#1f5472&#8243; button_font=&#8220;|700||on|||||&#8220; background_layout=&#8220;dark&#8220; animation_style=&#8220;slide&#8220; button_bg_enable_color=&#8220;on&#8220; _i=&#8220;0&#8243; _address=&#8220;3.1.0.0&#8243;][\/et_pb_button][\/et_pb_column][et_pb_column type=&#8220;1_3&#8243; _builder_version=&#8220;3.27.4&#8243; _i=&#8220;1&#8243; _address=&#8220;3.1.1&#8243;][et_pb_button button_url=&#8220;@ET-DC@eyJkeW5hbWljIjp0cnVlLCJjb250ZW50IjoicG9zdF9saW5rX3VybF9wYWdlIiwic2V0dGluZ3MiOnsicG9zdF9pZCI6IjM2MyJ9fQ==@&#8220; button_text=&#8220;F\u00fcr Ihr Pferd&#8220; button_alignment=&#8220;center&#8220; _builder_version=&#8220;3.27.4&#8243; _dynamic_attributes=&#8220;button_url&#8220; custom_button=&#8220;on&#8220; button_text_color=&#8220;#fcbf2c&#8220; button_bg_color=&#8220;#1f5472&#8243; button_font=&#8220;|700||on|||||&#8220; background_layout=&#8220;dark&#8220; animation_style=&#8220;slide&#8220; button_bg_enable_color=&#8220;on&#8220; _i=&#8220;0&#8243; _address=&#8220;3.1.1.0&#8243;][\/et_pb_button][\/et_pb_column][et_pb_column type=&#8220;1_3&#8243; _builder_version=&#8220;3.27.4&#8243; _i=&#8220;2&#8243; _address=&#8220;3.1.2&#8243;][et_pb_button button_url=&#8220;@ET-DC@eyJkeW5hbWljIjp0cnVlLCJjb250ZW50IjoicG9zdF9saW5rX3VybF9wYWdlIiwic2V0dGluZ3MiOnsicG9zdF9pZCI6IjcwMSJ9fQ==@&#8220; button_text=&#8220;Termine&#8220; button_alignment=&#8220;center&#8220; disabled_on=&#8220;off|off|off&#8220; _builder_version=&#8220;3.27.4&#8243; _dynamic_attributes=&#8220;button_url&#8220; custom_button=&#8220;on&#8220; button_text_color=&#8220;#fcbf2c&#8220; button_bg_color=&#8220;#1f5472&#8243; button_border_color=&#8220;#fcbf2c&#8220; button_font=&#8220;|700||on|||||&#8220; button_use_icon=&#8220;off&#8220; background_layout=&#8220;dark&#8220; animation_style=&#8220;slide&#8220; button_text_size_last_edited=&#8220;off|desktop&#8220; button_bg_enable_color=&#8220;on&#8220; _i=&#8220;0&#8243; _address=&#8220;3.1.2.0&#8243;][\/et_pb_button][\/et_pb_column][\/et_pb_row][\/et_pb_section][et_pb_section fb_built=&#8220;1&#8243; admin_label=&#8220;POST SLIDER&#8220; _builder_version=&#8220;3.27.4&#8243; custom_padding=&#8220;||3px|||&#8220; collapsed=&#8220;on&#8220; fb_built=&#8220;1&#8243; _i=&#8220;4&#8243; _address=&#8220;4&#8243;][et_pb_row _builder_version=&#8220;3.27.4&#8243; _i=&#8220;0&#8243; _address=&#8220;4.0&#8243;][et_pb_column type=&#8220;4_4&#8243; _builder_version=&#8220;3.27.4&#8243; _i=&#8220;0&#8243; _address=&#8220;4.0.0&#8243;][et_pb_post_slider include_categories=&#8220;11&#8243; _builder_version=&#8220;3.27.4&#8243; _i=&#8220;0&#8243; _address=&#8220;4.0.0.0&#8243;][\/et_pb_post_slider][\/et_pb_column][\/et_pb_row][\/et_pb_section]<\/p>","slug":"sitzschulung-dein-sitz-im-fokus","address":"Oberh\u00f6fen 1","city":"Viechtach","country":"Deutschland","province":"Bavaria","zip":"94234","phone":"0171 420 7882","stateprovince":"Bavaria","json_ld":{"@type":"Place","name":"Angiehof \u2014 Reit- und Therapiezentrum Gienger","description":"&lt;p&gt;Herzlich Willkommen auf dem Angiehof Auf dem Angiehof vereinen sich seit 14 Jahren Leidenschaft, Freundschaft und eine gro\u00dfe Portion Liebe zum Detail. Auf dem Hofgel\u00e4nde und dem zugeh\u00f6rigen Weideland finden [&hellip;]&lt;\/p&gt;\\n","url":"","address":{"@type":"PostalAddress","streetAddress":"Oberh\u00f6fen 1","addressLocality":"Viechtach","addressRegion":"Bavaria","postalCode":"94234","addressCountry":"Deutschland"},"telephone":"0171 420 7882","sameAs":""},"show_map":true,"show_map_link":true,"global_id":"therapie-und-reiten.de?id=1130","global_id_lineage":["therapie-und-reiten.de?id=1130"]},"organizer":[],"json_ld":{"@context":"http:\/\/schema.org","@type":"Event","name":"Achtsamkeits-Erlebnistag mit Pferden","description":"&lt;p&gt;G\u00f6nnen Sie sich eine Auszeit!\u00a0 Erleben und sp\u00fcren Sie w\u00e4hrend eines eint\u00e4tigen Achtsamkeits-Erlebnistages mit Pferden erstaunliche und spannende Momente. Pferde sind hervorragende Partner in der Schule des Lebens. Unser Partner [&hellip;]&lt;\/p&gt;\\n","image":"http:\/\/therapie-und-reiten.de\/wp-content\/uploads\/2020\/02\/Achtsamkeits-Erlebnistag.jpg","url":"http:\/\/therapie-und-reiten.de\/?tribe_events=achtsamkeits-erlebnistag-mit-pferden-2-2","eventAttendanceMode":"https:\/\/schema.org\/OfflineEventAttendanceMode","startDate":"2020-04-25T09:00:00+02:00","endDate":"2020-04-25T17:00:00+02:00","location":{"@type":"Place","name":"Angiehof \u2014 Reit- und Therapiezentrum Gienger","description":"&lt;p&gt;Herzlich Willkommen auf dem Angiehof Auf dem Angiehof vereinen sich seit 14 Jahren Leidenschaft, Freundschaft und eine gro\u00dfe Portion Liebe zum Detail. Auf dem Hofgel\u00e4nde und dem zugeh\u00f6rigen Weideland finden [&hellip;]&lt;\/p&gt;\\n","url":"","address":{"@type":"PostalAddress","streetAddress":"Oberh\u00f6fen 1","addressLocality":"Viechtach","addressRegion":"Bavaria","postalCode":"94234","addressCountry":"Deutschland"},"telephone":"0171 420 7882","sameAs":""},"offers":{"@type":"Offer","price":"160,00","priceCurrency":"USD","url":"http:\/\/therapie-und-reiten.de\/?tribe_events=achtsamkeits-erlebnistag-mit-pferden-2-2","category":"primary","availability":"inStock","validFrom":"1970-01-01T00:00:00+00:00"},"performer":"Organization"}}